{"id":192,"date":"2024-09-24T09:57:52","date_gmt":"2024-09-24T09:57:52","guid":{"rendered":"https:\/\/www.cyberetica.com\/portal\/?p=192"},"modified":"2024-09-24T10:01:33","modified_gmt":"2024-09-24T10:01:33","slug":"coraggio-e-resilienza-la-storia-dei-bambini-di-guiglia","status":"publish","type":"post","link":"https:\/\/www.cyberetica.com\/portal\/2024\/09\/24\/coraggio-e-resilienza-la-storia-dei-bambini-di-guiglia\/","title":{"rendered":"Coraggio e resilienza: la storia dei bambini di Guiglia"},"content":{"rendered":"\n<p>La storia dei bambini di Guiglia \u00e8 una testimonianza toccante di resilienza e determinazione, che risuona attraverso il tempo e lo spazio.<br><br>Situata tra le colline dell&#8217;Appennino modenese, Guiglia \u00e8 un piccolo borgo che, negli anni &#8217;50, ha rappresentato una sfida quotidiana per i suoi giovani abitanti.<br><br>Una foto iconica del 1959, scattata da Franco Gremignani, cattura l&#8217;essenza di questa lotta: sette bambini e una donna sospesi su una rudimentale mini teleferica, mentre attraversano il fiume Panaro per raggiungere la scuola.<br><br>Per questi bambini, l&#8217;istruzione non era solo un diritto, ma un privilegio da conquistare. Ogni giorno, dovevano affrontare il rischio di attraversare il fiume su un cavo metallico, senza alcun sistema di sicurezza.<\/p>\n\n\n\n<p><br>Questo atto audace simboleggiava non solo la loro voglia di apprendere, ma anche la loro capacit\u00e0 di affrontare le avversit\u00e0.<br><br>La forza interiore che questi bambini dovevano sviluppare per superare tali ostacoli \u00e8 una lezione preziosa. La necessit\u00e0 di &#8220;passare oltre&#8221; diventa un insegnamento fondamentale: la determinazione e il sacrificio sono essenziali per ottenere ci\u00f2 che si desidera.<br><br>La loro esperienza ci ricorda che le opportunit\u00e0 nella vita richiedono impegno e coraggio.<br><br>La fotografia di Gremignani non \u00e8 solo un documento storico; \u00e8 un simbolo della resilienza umana. In un&#8217;Italia povera ma ingegnosa, i bambini di Guiglia incarnano lo spirito di chi non si arrende di fronte alle difficolt\u00e0.<br><br>La loro storia continua a ispirare generazioni, dimostrando che anche nei momenti pi\u00f9 bui, la luce della conoscenza e della speranza pu\u00f2 brillare attraverso le avversit\u00e0.<\/p>\n","protected":false},"excerpt":{"rendered":"<p>La storia dei bambini di Guiglia \u00e8 una testimonianza toccante di resilienza e determinazione, che risuona attraverso il tempo e lo spazio. Situata tra le colline dell&#8217;Appennino modenese, Guiglia \u00e8 un piccolo borgo che, negli anni &#8217;50, ha rappresentato una sfida quotidiana per i suoi giovani abitanti. Una foto iconica del 1959, scattata da Franco [&hellip;]<\/p>\n","protected":false},"author":2,"featured_media":0,"comment_status":"closed","ping_status":"open","sticky":false,"template":"","format":"standard","meta":{"footnotes":""},"categories":[4],"tags":[26,29,30,31,27,28],"class_list":["post-192","post","type-post","status-publish","format-standard","hentry","category-blog","tag-coraggio","tag-emozione","tag-formazione","tag-ispirazione","tag-resilienza","tag-scuola"],"_links":{"self":[{"href":"https:\/\/www.cyberetica.com\/portal\/wp-json\/wp\/v2\/posts\/192","targetHints":{"allow":["GET"]}}],"collection":[{"href":"https:\/\/www.cyberetica.com\/portal\/wp-json\/wp\/v2\/posts"}],"about":[{"href":"https:\/\/www.cyberetica.com\/portal\/wp-json\/wp\/v2\/types\/post"}],"author":[{"embeddable":true,"href":"https:\/\/www.cyberetica.com\/portal\/wp-json\/wp\/v2\/users\/2"}],"replies":[{"embeddable":true,"href":"https:\/\/www.cyberetica.com\/portal\/wp-json\/wp\/v2\/comments?post=192"}],"version-history":[{"count":3,"href":"https:\/\/www.cyberetica.com\/portal\/wp-json\/wp\/v2\/posts\/192\/revisions"}],"predecessor-version":[{"id":195,"href":"https:\/\/www.cyberetica.com\/portal\/wp-json\/wp\/v2\/posts\/192\/revisions\/195"}],"wp:attachment":[{"href":"https:\/\/www.cyberetica.com\/portal\/wp-json\/wp\/v2\/media?parent=192"}],"wp:term":[{"taxonomy":"category","embeddable":true,"href":"https:\/\/www.cyberetica.com\/portal\/wp-json\/wp\/v2\/categories?post=192"},{"taxonomy":"post_tag","embeddable":true,"href":"https:\/\/www.cyberetica.com\/portal\/wp-json\/wp\/v2\/tags?post=192"}],"curies":[{"name":"wp","href":"https:\/\/api.w.org\/{rel}","templated":true}]}}